{"id":868,"date":"2023-11-29T17:53:00","date_gmt":"2023-11-29T16:53:00","guid":{"rendered":"https:\/\/agriculture-urbaine-metropole-lille.com\/?p=868"},"modified":"2023-12-29T17:58:21","modified_gmt":"2023-12-29T16:58:21","slug":"rencontre-avec-les-benevoles-du-bizardin-rue-denis-papin-lille-fives","status":"publish","type":"post","link":"http:\/\/agriculture-urbaine-metropole-lille.com\/index.php\/2023\/11\/29\/rencontre-avec-les-benevoles-du-bizardin-rue-denis-papin-lille-fives\/","title":{"rendered":"Rencontre avec les b\u00e9n\u00e9voles du Bizardin rue Denis Papin Lille-Fives"},"content":{"rendered":"\n<div class=\"wp-block-image\"><figure class=\"aligncenter size-large is-resized\"><img loading=\"lazy\" decoding=\"async\" src=\"https:\/\/agriculture-urbaine-metropole-lille.com\/wp-content\/uploads\/2023\/12\/12.jpg\" alt=\"\" class=\"wp-image-869\" width=\"325\" height=\"433\" srcset=\"http:\/\/agriculture-urbaine-metropole-lille.com\/wp-content\/uploads\/2023\/12\/12.jpg 576w, http:\/\/agriculture-urbaine-metropole-lille.com\/wp-content\/uploads\/2023\/12\/12-225x300.jpg 225w\" sizes=\"auto, (max-width: 325px) 100vw, 325px\" \/><\/figure><\/div>\n\n\n\n<p><\/p>\n\n\n\n<p>Le jardin fait partie d&rsquo;un ensemble de jardins cr\u00e9\u00e9s peu \u00e0 peu sur l&rsquo;ensemble de la m\u00e9tropole lilloise par l&rsquo;association des AJONCS &#8211;&nbsp; Amis des Jardins ouverts mais n\u00e9anmoins cl\u00f4tur\u00e9s n\u00e9e de l&rsquo;exp\u00e9rience r\u00e9ussie d&rsquo;un premier jardin en 1998 dans le quartier Moulins de la ville de Lille&nbsp;:&nbsp;une d\u00e9marche citoyenne d\u2019approbation collective et de gestion quotidienne d\u2019un Jardin qui fait l&rsquo;objet d&rsquo;une convention avec la ville pour la mise \u00e0 disposition du terrain. Ouvert \u00e0 tous \u00e0 des heures d\u00e9finies en commun, ces jardins tous diff\u00e9rents sont porteurs de renouveau de lien social entre habitants, et r\u00e9pondent \u00e0 leurs aspirations de&nbsp; contact \u00e0 la \u00a0\u00bb nature \u00ab\u00a0, en respectant le rythme et les envies de chacun.<\/p>\n\n\n\n<p>Le Bizardin \u00e0 Hellemmes, commune p\u00e9riph\u00e9rique de Lille,&nbsp; est n\u00e9 il y a environ 20 ans suite \u00e0 la fermeture de l&rsquo;entreprise Fives-Cail. Les riverains ont souhait\u00e9&nbsp;&nbsp; redonner vie aux terrains abandonn\u00e9s \u00e0 proximit\u00e9 de chez eux. Une partie des sols pollu\u00e9s a \u00e9t\u00e9 enlev\u00e9e par la ville avec octroi de terre arable pour les&nbsp; petites parcelles d\u00e9di\u00e9es \u00e0 la culture de quelques l\u00e9gumes et fruitiers tels groseilliers, framboisiers&#8230;<\/p>\n\n\n\n<p>L&rsquo;originalit\u00e9 du jardin r\u00e9side dans le choix de planter peu \u00e0 peu, pour la majeure partie des 3000 m2, des essences arbustives locales tr\u00e8s vari\u00e9es ainsi que des plantes mellif\u00e8res, ce qui, aujourd&rsquo;hui, donne lieu \u00e0 une biodiversit\u00e9 tr\u00e8s riche notamment faunistique r\u00e9v\u00e9l\u00e9e par la pr\u00e9sence de nombreux insectes et oiseaux. De plus trois mares favorisent la pr\u00e9sence de batraciens inattendue en milieu urbain et d&rsquo;une flore particuli\u00e8re li\u00e9e \u00e0 ce milieu humide. Une tour pour accueillir des hirondelles a m\u00eame \u00e9t\u00e9 install\u00e9e avec l&rsquo;espoir que le g\u00eete offert favorise leur retour.<\/p>\n\n\n\n<div class=\"wp-block-image\"><figure class=\"aligncenter size-large is-resized\"><img loading=\"lazy\" decoding=\"async\" src=\"https:\/\/agriculture-urbaine-metropole-lille.com\/wp-content\/uploads\/2023\/12\/10-768x1024.jpg\" alt=\"\" class=\"wp-image-870\" width=\"367\" height=\"489\" srcset=\"http:\/\/agriculture-urbaine-metropole-lille.com\/wp-content\/uploads\/2023\/12\/10-768x1024.jpg 768w, http:\/\/agriculture-urbaine-metropole-lille.com\/wp-content\/uploads\/2023\/12\/10-225x300.jpg 225w, http:\/\/agriculture-urbaine-metropole-lille.com\/wp-content\/uploads\/2023\/12\/10-1152x1536.jpg 1152w, http:\/\/agriculture-urbaine-metropole-lille.com\/wp-content\/uploads\/2023\/12\/10-1536x2048.jpg 1536w, http:\/\/agriculture-urbaine-metropole-lille.com\/wp-content\/uploads\/2023\/12\/10-676x901.jpg 676w, http:\/\/agriculture-urbaine-metropole-lille.com\/wp-content\/uploads\/2023\/12\/10-rotated.jpg 1728w\" sizes=\"auto, (max-width: 367px) 100vw, 367px\" \/><\/figure><\/div>\n\n\n\n<p>Le projet de cet automne 2023 consiste en une am\u00e9lioration du r\u00f4le de la plus grande mare en vue des futures p\u00e9riodes de s\u00e9cheresse. Elle sera d\u00e9sormais \u00e0 deux niveaux d&rsquo;o\u00f9 le creusement actuel d&rsquo;une future partie plus profonde&nbsp; pour accumuler davantage d&rsquo;eau et constituer une r\u00e9serve plus importante pour le prochain \u00e9t\u00e9. Des composteurs sont pos\u00e9s front \u00e0 rue avec ouverture sp\u00e9ciale dans la grille pour permettre \u00e0 chacun de venir d\u00e9poser \u00e0 toute heure les \u00e9pluchures et d\u00e9chets permettant la confection de compost pour enrichir notamment&nbsp; les parcelles d\u00e9di\u00e9es aux petites productions.<\/p>\n\n\n\n<p>Les membres du Bizardin sont tous b\u00e9n\u00e9voles et se retrouvent le samedi matin pour d\u00e9cider des projets et actions \u00e0 mener, le jardin \u00e9tant par ailleurs aussi accessible au public ce jour l\u00e0 d\u00e8s qu\u2019un <em>Bizardinier<\/em> est pr\u00e9sent pour r\u00e9pondre \u00e0 la mission de lien social et d&rsquo;accueil qui constitue l&rsquo;essentiel de la raison d&rsquo;\u00eatre de ce lieu. Un groupe de jeunes venant du R\u00e9seau de l\u2019Habitat Jeunes a permis de mettre en valeur plusieurs jardins de la m\u00e9tropole en cr\u00e9ant un jeu de relais entre eux.<\/p>\n\n\n\n<p>Des visites \u00e0 th\u00e8me sont propos\u00e9es plusieurs fois au cours de l&rsquo;ann\u00e9e avec un animateur des AJONCS sp\u00e9cialiste d&rsquo;insectes ou batraciens, oiseaux.. Enfants des \u00e9coles voisines et m\u00eame ceux des cr\u00e8ches sont \u00e9galement bienvenus au jardin. Une f\u00eate dite \u00ab&nbsp;de l&rsquo;hiver&nbsp;\u00bb li\u00e9e \u00e0 la fin des r\u00e9coltes des petites parcelles est organis\u00e9e chaque ann\u00e9e.<\/p>\n\n\n\n<p><strong>Une rencontre en partenariat avec EDA est en cours de pr\u00e9paration dans le cadre de l\u2019\u00e9v\u00e9nement national, les 48h de l&rsquo;agriculture en ville, pr\u00e9vu cette ann\u00e9e les 24-25 et 26 mai 2024. A suivre\u00a0!!<\/strong><\/p>\n\n\n\n<p>Pour en savoir + : <a href=\"http:\/\/bizardin.toile-libre.org\/\" data-type=\"URL\" data-id=\"http:\/\/bizardin.toile-libre.org\/\">http:\/\/bizardin.toile-libre.org\/<\/a><\/p>\n","protected":false},"excerpt":{"rendered":"<p>Le jardin fait partie d&rsquo;un ensemble de jardins cr\u00e9\u00e9s peu \u00e0 peu sur l&rsquo;ensemble de la m\u00e9tropole lilloise par l&rsquo;association des AJONCS &#8211;&nbsp; Amis des Jardins ouverts mais n\u00e9anmoins cl\u00f4tur\u00e9s n\u00e9e de l&rsquo;exp\u00e9rience r\u00e9ussie d&rsquo;un premier jardin en 1998 dans le quartier Moulins de la ville de Lille&nbsp;:&nbsp;une d\u00e9marche citoyenne d\u2019approbation collective et de gestion [&hellip;]<\/p>\n","protected":false},"author":1,"featured_media":0,"comment_status":"open","ping_status":"open","sticky":false,"template":"","format":"standard","meta":{"footnotes":""},"categories":[1],"tags":[],"class_list":["post-868","post","type-post","status-publish","format-standard","hentry","category-non-classe","post-preview"],"_links":{"self":[{"href":"http:\/\/agriculture-urbaine-metropole-lille.com\/index.php\/wp-json\/wp\/v2\/posts\/868","targetHints":{"allow":["GET"]}}],"collection":[{"href":"http:\/\/agriculture-urbaine-metropole-lille.com\/index.php\/wp-json\/wp\/v2\/posts"}],"about":[{"href":"http:\/\/agriculture-urbaine-metropole-lille.com\/index.php\/wp-json\/wp\/v2\/types\/post"}],"author":[{"embeddable":true,"href":"http:\/\/agriculture-urbaine-metropole-lille.com\/index.php\/wp-json\/wp\/v2\/users\/1"}],"replies":[{"embeddable":true,"href":"http:\/\/agriculture-urbaine-metropole-lille.com\/index.php\/wp-json\/wp\/v2\/comments?post=868"}],"version-history":[{"count":3,"href":"http:\/\/agriculture-urbaine-metropole-lille.com\/index.php\/wp-json\/wp\/v2\/posts\/868\/revisions"}],"predecessor-version":[{"id":873,"href":"http:\/\/agriculture-urbaine-metropole-lille.com\/index.php\/wp-json\/wp\/v2\/posts\/868\/revisions\/873"}],"wp:attachment":[{"href":"http:\/\/agriculture-urbaine-metropole-lille.com\/index.php\/wp-json\/wp\/v2\/media?parent=868"}],"wp:term":[{"taxonomy":"category","embeddable":true,"href":"http:\/\/agriculture-urbaine-metropole-lille.com\/index.php\/wp-json\/wp\/v2\/categories?post=868"},{"taxonomy":"post_tag","embeddable":true,"href":"http:\/\/agriculture-urbaine-metropole-lille.com\/index.php\/wp-json\/wp\/v2\/tags?post=868"}],"curies":[{"name":"wp","href":"https:\/\/api.w.org\/{rel}","templated":true}]}}